{"id":1664,"date":"2013-05-09T22:29:21","date_gmt":"2013-05-09T22:29:21","guid":{"rendered":"http:\/\/www.portonclasico.com\/?p=1664"},"modified":"2019-01-27T13:09:58","modified_gmt":"2019-01-27T13:09:58","slug":"rustikale-tur-olias-in-valladolid","status":"publish","type":"post","link":"https:\/\/www.portonclasico.com\/de\/portfolio-de\/rustikale-tur-olias-in-valladolid\/","title":{"rendered":"Rustikale T\u00fcr Olias in Valladolid"},"content":{"rendered":"<p>Zwischen einer Mischung aus braunen Ziegeln, Ocker und Pfirsich passt unsere rustikale T\u00fcr Ol\u00edas in perfektem Einklang mit der Fassade. Das Fenster in der festen Variante versorgt den Eingang des Hauses mit nat\u00fcrlichem Licht. Die feste Faltung erm\u00f6glicht eine vollst\u00e4ndige \u00d6ffnung f\u00fcr den Fall, dass M\u00f6bel oder Waren mit gro\u00dfem Volumen in das Haus eingef\u00fchrt werden m\u00fcssen.<\/p>\n<p>Diese T\u00fcr ist sehr gut vor Witterung und Regenwasser gesch\u00fctzt, hat eine Nordorientierung, so dass das Eindringen von ultravioletten Strahlen von der Sonne ausgeschlossen ist. Es ist praktisch keine Pflege erforderlich und nur das Schutz\u00f6l wird aus Liebe zum Holz und dem Geschmack aufgetragen, damit es wie neu aussieht.<\/p>\n","protected":false},"excerpt":{"rendered":"<p>Zwischen einer Mischung aus braunen Ziegeln, Ocker und Pfirsich passt unsere rustikale T\u00fcr Ol\u00edas in perfektem Einklang mit der Fassade. Das Fenster in der festen Variante versorgt den Eingang des Hauses mit nat\u00fcrlichem Licht. Die feste Faltung erm\u00f6glicht eine vollst\u00e4ndige \u00d6ffnung f\u00fcr den Fall, dass [&hellip;]<\/p>\n","protected":false},"author":2,"featured_media":4875,"comment_status":"closed","ping_status":"open","sticky":false,"template":"","format":"standard","meta":{"_mi_skip_tracking":false,"_exactmetrics_sitenote_active":false,"_exactmetrics_sitenote_note":"","_exactmetrics_sitenote_category":0,"_joinchat":[],"footnotes":""},"categories":[69],"tags":[],"class_list":["post-1664","post","type-post","status-publish","format-standard","has-post-thumbnail","hentry","category-portfolio-de"],"acf":[],"_links":{"self":[{"href":"https:\/\/www.portonclasico.com\/de\/wp-json\/wp\/v2\/posts\/1664\/"}],"collection":[{"href":"https:\/\/www.portonclasico.com\/de\/wp-json\/wp\/v2\/posts\/"}],"about":[{"href":"https:\/\/www.portonclasico.com\/de\/wp-json\/wp\/v2\/types\/post\/"}],"author":[{"embeddable":true,"href":"https:\/\/www.portonclasico.com\/de\/wp-json\/wp\/v2\/users\/2\/"}],"replies":[{"embeddable":true,"href":"https:\/\/www.portonclasico.com\/de\/wp-json\/wp\/v2\/comments\/?post=1664"}],"version-history":[{"count":0,"href":"https:\/\/www.portonclasico.com\/de\/wp-json\/wp\/v2\/posts\/1664\/revisions\/"}],"wp:featuredmedia":[{"embeddable":true,"href":"https:\/\/www.portonclasico.com\/de\/wp-json\/wp\/v2\/media\/4875\/"}],"wp:attachment":[{"href":"https:\/\/www.portonclasico.com\/de\/wp-json\/wp\/v2\/media\/?parent=1664"}],"wp:term":[{"taxonomy":"category","embeddable":true,"href":"https:\/\/www.portonclasico.com\/de\/wp-json\/wp\/v2\/categories\/?post=1664"},{"taxonomy":"post_tag","embeddable":true,"href":"https:\/\/www.portonclasico.com\/de\/wp-json\/wp\/v2\/tags\/?post=1664"}],"curies":[{"name":"wp","href":"https:\/\/api.w.org\/{rel}","templated":true}]}}