{"id":1761,"date":"2012-09-02T21:44:50","date_gmt":"2012-09-02T21:44:50","guid":{"rendered":"http:\/\/www.portonclasico.com\/?p=1761"},"modified":"2019-02-13T08:24:24","modified_gmt":"2019-02-13T08:24:24","slug":"porte-zarauz-en-galice","status":"publish","type":"post","link":"https:\/\/www.portonclasico.com\/fr\/portfolio-fr\/porte-zarauz-en-galice\/","title":{"rendered":"Porte Zarauz en Galice"},"content":{"rendered":"<div><span lang=\"fr\">Zarauz porte arqu\u00e9e portes ou compressions, d&rsquo;une mani\u00e8re plus \u00ab \u00e9cras\u00e9 \u00bb l&rsquo;Arche d&rsquo;un demi-point, en ayant un seul centre g\u00e9om\u00e9trique au-dessous de l&rsquo;apon\u00e9vrose, seuls ma\u00eetres charpentiers sont en mesure de n&rsquo;assembler \u00ab aucun jurons \u00bb.<\/span><\/div>\n<p>&nbsp;<\/p>\n<div><span lang=\"fr\">L&rsquo;arche aplatie est donc un secteur de circonf\u00e9rence. <\/span><span lang=\"fr\">Cet arc est diff\u00e9rent de l&rsquo;arche, dans laquelle le secteur centre, au-dessous de l&rsquo;apon\u00e9vrose qui fait dans le secteur de circonf\u00e9rence springers ne pas une tangence.<\/span><\/div>\n<p>&nbsp;<\/p>\n<div><span lang=\"fr\">Une fois cet arc sur une porte ou fen\u00eatre, il est souvent appel\u00e9 \u00ab escarzana \u00bb, et son arc correspond g\u00e9n\u00e9ralement \u00e0 la sixi\u00e8me partie d&rsquo;une circonf\u00e9rence (c.-\u00e0-d. 60 \u00b0). <\/span><span lang=\"fr\">Ceci combin\u00e9 avec un arc de renfort linteau situ\u00e9 \u00e0 parfois. <\/span><span lang=\"fr\">Ce type d&rsquo;arc a \u00e9t\u00e9 utilis\u00e9 dans l&rsquo;architecture romaine, romane et Plateresque, comme on voit sur la fa\u00e7ade de l&rsquo;Universit\u00e9 de Salamanque.<\/span>[<\/div>\n","protected":false},"excerpt":{"rendered":"<p>Zarauz porte arqu\u00e9e portes ou compressions, d&rsquo;une mani\u00e8re plus \u00ab \u00e9cras\u00e9 \u00bb l&rsquo;Arche d&rsquo;un demi-point, en ayant un seul centre g\u00e9om\u00e9trique au-dessous de l&rsquo;apon\u00e9vrose, seuls ma\u00eetres charpentiers sont en mesure de n&rsquo;assembler \u00ab aucun jurons \u00bb. &nbsp; L&rsquo;arche aplatie est donc un secteur de circonf\u00e9rence. [&hellip;]<\/p>\n","protected":false},"author":2,"featured_media":2204,"comment_status":"closed","ping_status":"open","sticky":false,"template":"","format":"standard","meta":{"_mi_skip_tracking":false,"_exactmetrics_sitenote_active":false,"_exactmetrics_sitenote_note":"","_exactmetrics_sitenote_category":0,"_joinchat":[],"footnotes":""},"categories":[70],"tags":[],"class_list":["post-1761","post","type-post","status-publish","format-standard","has-post-thumbnail","hentry","category-portfolio-fr"],"acf":[],"_links":{"self":[{"href":"https:\/\/www.portonclasico.com\/fr\/wp-json\/wp\/v2\/posts\/1761\/"}],"collection":[{"href":"https:\/\/www.portonclasico.com\/fr\/wp-json\/wp\/v2\/posts\/"}],"about":[{"href":"https:\/\/www.portonclasico.com\/fr\/wp-json\/wp\/v2\/types\/post\/"}],"author":[{"embeddable":true,"href":"https:\/\/www.portonclasico.com\/fr\/wp-json\/wp\/v2\/users\/2\/"}],"replies":[{"embeddable":true,"href":"https:\/\/www.portonclasico.com\/fr\/wp-json\/wp\/v2\/comments\/?post=1761"}],"version-history":[{"count":0,"href":"https:\/\/www.portonclasico.com\/fr\/wp-json\/wp\/v2\/posts\/1761\/revisions\/"}],"wp:featuredmedia":[{"embeddable":true,"href":"https:\/\/www.portonclasico.com\/fr\/wp-json\/"}],"wp:attachment":[{"href":"https:\/\/www.portonclasico.com\/fr\/wp-json\/wp\/v2\/media\/?parent=1761"}],"wp:term":[{"taxonomy":"category","embeddable":true,"href":"https:\/\/www.portonclasico.com\/fr\/wp-json\/wp\/v2\/categories\/?post=1761"},{"taxonomy":"post_tag","embeddable":true,"href":"https:\/\/www.portonclasico.com\/fr\/wp-json\/wp\/v2\/tags\/?post=1761"}],"curies":[{"name":"wp","href":"https:\/\/api.w.org\/{rel}","templated":true}]}}