{"id":1666,"date":"2013-05-09T22:29:21","date_gmt":"2013-05-09T22:29:21","guid":{"rendered":"http:\/\/www.portonclasico.com\/?p=1666"},"modified":"2019-01-27T13:10:24","modified_gmt":"2019-01-27T13:10:24","slug":"porta-rustica-olias-em-valladolid","status":"publish","type":"post","link":"https:\/\/www.portonclasico.com\/pt-pt\/portfolio-pt\/porta-rustica-olias-em-valladolid\/","title":{"rendered":"Porta r\u00fastica Olias em Valladolid"},"content":{"rendered":"<p>Entre uma mistura de tijolos castanhos, ocre e p\u00eassego, a nossa porta r\u00fastica Ol\u00edas encaixa em perfeita comunh\u00e3o com a fachada. A janela na janela fixa fornece luz natural para a entrada da casa. Sua dobradura fixa permite uma abertura total no caso de ter que introduzir, dentro da casa, m\u00f3veis ou bens de grande volume.<\/p>\n<p>Esta porta est\u00e1 muito bem protegida do clima e da \u00e1gua da chuva, goza de uma orienta\u00e7\u00e3o norte, fazendo com que a incid\u00eancia de raios ultravioletas do sol seja nula. Praticamente nenhuma manuten\u00e7\u00e3o \u00e9 necess\u00e1ria e somente o \u00f3leo protetor \u00e9 aplicado por amor \u00e0 madeira e ao gosto para que pare\u00e7a novo.<\/p>\n","protected":false},"excerpt":{"rendered":"<p>Entre uma mistura de tijolos castanhos, ocre e p\u00eassego, a nossa porta r\u00fastica Ol\u00edas encaixa em perfeita comunh\u00e3o com a fachada. A janela na janela fixa fornece luz natural para a entrada da casa. Sua dobradura fixa permite uma abertura total no caso de ter [&hellip;]<\/p>\n","protected":false},"author":2,"featured_media":4875,"comment_status":"closed","ping_status":"open","sticky":false,"template":"","format":"standard","meta":{"_mi_skip_tracking":false,"_exactmetrics_sitenote_active":false,"_exactmetrics_sitenote_note":"","_exactmetrics_sitenote_category":0,"_joinchat":[],"footnotes":""},"categories":[74],"tags":[],"class_list":["post-1666","post","type-post","status-publish","format-standard","has-post-thumbnail","hentry","category-portfolio-pt"],"acf":[],"_links":{"self":[{"href":"https:\/\/www.portonclasico.com\/pt-pt\/wp-json\/wp\/v2\/posts\/1666\/"}],"collection":[{"href":"https:\/\/www.portonclasico.com\/pt-pt\/wp-json\/wp\/v2\/posts\/"}],"about":[{"href":"https:\/\/www.portonclasico.com\/pt-pt\/wp-json\/wp\/v2\/types\/post\/"}],"author":[{"embeddable":true,"href":"https:\/\/www.portonclasico.com\/pt-pt\/wp-json\/wp\/v2\/users\/2\/"}],"replies":[{"embeddable":true,"href":"https:\/\/www.portonclasico.com\/pt-pt\/wp-json\/wp\/v2\/comments\/?post=1666"}],"version-history":[{"count":0,"href":"https:\/\/www.portonclasico.com\/pt-pt\/wp-json\/wp\/v2\/posts\/1666\/revisions\/"}],"wp:featuredmedia":[{"embeddable":true,"href":"https:\/\/www.portonclasico.com\/pt-pt\/wp-json\/wp\/v2\/media\/4875\/"}],"wp:attachment":[{"href":"https:\/\/www.portonclasico.com\/pt-pt\/wp-json\/wp\/v2\/media\/?parent=1666"}],"wp:term":[{"taxonomy":"category","embeddable":true,"href":"https:\/\/www.portonclasico.com\/pt-pt\/wp-json\/wp\/v2\/categories\/?post=1666"},{"taxonomy":"post_tag","embeddable":true,"href":"https:\/\/www.portonclasico.com\/pt-pt\/wp-json\/wp\/v2\/tags\/?post=1666"}],"curies":[{"name":"wp","href":"https:\/\/api.w.org\/{rel}","templated":true}]}}