{"id":27,"count":9,"description":"<img class=\"aligncenter wp-image-5980 size-full\" title=\"Portas R\u00fasticas de Interior\" src=\"https:\/\/www.portonclasico.com\/wp-content\/uploads\/cat_interior_pt-1.jpg\" alt=\"Portas R\u00fasticas de Interior\" width=\"709\" height=\"267\" \/>\r\n<h1 style=\"text-align: center;\">Portas R\u00fasticas de Interior<\/h1>\r\n\r\n<hr \/>\r\n<p style=\"text-align: center;\">Cat\u00e1logo de portas em madeira para decora\u00e7\u00e3o de interiores, com carvalho maci\u00e7o e elementos de aut\u00eantica forja.<\/p>\r\n\r\n\r\n<hr \/>\r\n\r\n&nbsp;","link":"https:\/\/www.portonclasico.com\/pt-pt\/puertas\/portas-interiores\/","name":"Portas interiores","slug":"portas-interiores","taxonomy":"product_cat","parent":0,"meta":[],"acf":[],"_links":{"self":[{"href":"https:\/\/www.portonclasico.com\/pt-pt\/wp-json\/wp\/v2\/product_cat\/27\/"}],"collection":[{"href":"https:\/\/www.portonclasico.com\/pt-pt\/wp-json\/wp\/v2\/product_cat\/"}],"about":[{"href":"https:\/\/www.portonclasico.com\/pt-pt\/wp-json\/wp\/v2\/taxonomies\/product_cat\/"}],"wp:post_type":[{"href":"https:\/\/www.portonclasico.com\/pt-pt\/wp-json\/wp\/v2\/product\/?product_cat=27"}],"curies":[{"name":"wp","href":"https:\/\/api.w.org\/{rel}","templated":true}]}}